{"id":10587,"date":"2024-08-24T16:29:32","date_gmt":"2024-08-24T15:29:32","guid":{"rendered":"https:\/\/judoposeidon.be\/wordpress\/?p=10587"},"modified":"2024-08-24T16:29:32","modified_gmt":"2024-08-24T15:29:32","slug":"demarrage-de-la-nouvelle-saison-24-25","status":"publish","type":"post","link":"https:\/\/judoposeidon.be\/wordpress\/2024\/08\/24\/demarrage-de-la-nouvelle-saison-24-25\/","title":{"rendered":"D\u00e9marrage de la nouvelle saison 24\/25"},"content":{"rendered":"\n<p>Nous esp\u00e9rons que vous avez pass\u00e9 un bon \u00e9t\u00e9. Voici quelques informations importantes pour la saison 2024-2025.<\/p>\n\n\n\n<p>Nous reprenons nos activit\u00e9s \u00e0 partir <strong>du 26 ao\u00fbt <\/strong>selon les horaires accessibles en ligne (onglet \u00ab\u00a0horaire\u00a0\u00bb du site).<\/p>\n\n\n\n<p>En ce qui concerne l\u2019organisation, voici les modalit\u00e9s que nous vous demandons de respecter&nbsp;:<\/p>\n\n\n\n<ul class=\"wp-block-list\">\n<li><strong><u>L&rsquo;arriv\u00e9e<\/u><\/strong>\n<ul class=\"wp-block-list\">\n<li>Elle ne peut se faire que <strong>maximum 10 minutes<\/strong> avant le d\u00e9but de chaque cours\/entrainement.<\/li>\n\n\n\n<li>Nous demandons aux parents\/repr\u00e9sentants l\u00e9gaux de s\u2019assurer les enfants ne perturbent pas les autres cours qui se d\u00e9roulent dans le complexe.<\/li>\n\n\n\n<li><strong>Les parents\/<\/strong>repr\u00e9sentants l\u00e9gaux <strong>doivent venir d\u00e9poser les enfants dans le dojo.<\/strong><\/li>\n\n\n\n<li>Nous demandons qu\u2019un passage par<strong> les toilettes soit propos\u00e9 aux enfants avant le d\u00e9but de chaque cours <\/strong>afin d\u2019\u00e9viter des all\u00e9es et venues dans le Complexe sportif et de permettre au cours\/entrainement de bien se d\u00e9rouler.<\/li>\n<\/ul>\n<\/li>\n<\/ul>\n\n\n\n<ul class=\"wp-block-list\">\n<li><strong><u>Le cours\/entrainement<\/u><\/strong>\n<ul class=\"wp-block-list\">\n<li><strong>Pour les enfants de 3 \u00e0 6 ans<\/strong>, il est demand\u00e9 aux parents\/repr\u00e9sentants l\u00e9gaux <strong>de ne pas rester dans le dojo pendant les cours<\/strong>.<\/li>\n\n\n\n<li><strong>\u00c0 partir de 7 ans<\/strong>, les parents\/repr\u00e9sentants l\u00e9gaux peuvent assister au cours. Il leur est demand\u00e9 de couper leur portable, de ne passer aucun coup de t\u00e9l\u00e9phone, de ne pas manger et boire dans le dojo et de ne pas perturber le d\u00e9roulement du cours.<\/li>\n\n\n\n<li><strong>Les fr\u00e8res et s\u0153urs <\/strong>n\u2019ont pas le droit de monter sur le tatami pour des raisons de s\u00e9curit\u00e9.<\/li>\n<\/ul>\n<\/li>\n<\/ul>\n\n\n\n<ul class=\"wp-block-list\">\n<li><strong><u>Les vestiaires<\/u><\/strong>\n<ul class=\"wp-block-list\">\n<li>Les vestiaires se situent \u00e0 c\u00f4t\u00e9 du cabinet m\u00e9dical (en haut des escaliers). Ils ont accessibles \u00e0 toutes et tous.<\/li>\n\n\n\n<li>Il est <strong>obligatoire d\u2019utiliser<\/strong> les vestiaires pour changer les enfants.<\/li>\n\n\n\n<li>Aucune affaire personnelle ne peut y rester. Les sacs, vestes, \u2026 devront \u00eatre mises dans le dojo l\u00e0 o\u00f9 les enseignants le diront (le long du tatamis).<\/li>\n\n\n\n<li>Nous demandons que des <strong>chaussures de type \u00ab\u00a0tongs\/sandales\u00a0\u00bb<\/strong> soient plac\u00e9es le long du tatami afin que les enfants puissent les utiliser s\u2019ils doivent sortir du tatami et \u00e9viter une perte de temps trop importante. Par ailleurs, l\u2019utilisation de chaussures de type \u00ab\u00a0tongs\/sandales\u00a0\u00bb permet \u00e9galement de faciliter le croisement entre les diff\u00e9rents cours.<\/li>\n<\/ul>\n<\/li>\n<\/ul>\n\n\n\n<ul class=\"wp-block-list\">\n<li><strong><u>La tenue durant le cours\/entrainement<\/u><\/strong>\n<ul class=\"wp-block-list\">\n<li>Il est vivement sugg\u00e9r\u00e9 <strong>de venir avec une gourde d\u2019eau nominative remplie<\/strong> car il n\u2019y a pas d\u2019\u00e9vier et d\u2019eau dans la salle.<\/li>\n\n\n\n<li>Il est demand\u00e9 que les <strong>ongles des pieds et mains soient coup\u00e9s<\/strong>.<\/li>\n\n\n\n<li><strong>Aucun bracelet ou bijou<\/strong> (y compris les boucles d\u2019oreilles) n\u2019est autoris\u00e9.<\/li>\n\n\n\n<li>Les cheveux longs doivent \u00eatre attach\u00e9s par un \u00e9lastique sans fer ou d\u00e9coration. Pas de pince dans les cheveux.<\/li>\n\n\n\n<li>La <strong>tenue <\/strong>(judogi) doit \u00eatre <strong>propre <\/strong>et <strong>uniquement<\/strong> les filles doivent avoir un t-shirt en dessous.<\/li>\n<\/ul>\n<\/li>\n<\/ul>\n\n\n\n<ul class=\"wp-block-list\">\n<li><strong><u>La sortie<\/u><\/strong>\n<ul class=\"wp-block-list\">\n<li><strong>Les enfants jusqu\u2019\u00e0 12 ans <\/strong>attendront les parents\/repr\u00e9sentants l\u00e9gaux dans le dojo. Les enseignants ne laisseront pas sortir du dojo les enfants sans parents\/repr\u00e9sentants l\u00e9gaux sauf si nous recevons une autorisation \u00e9crite pour la saison.<\/li>\n<\/ul>\n<\/li>\n<\/ul>\n\n\n\n<ul class=\"wp-block-list\">\n<li><strong><u>Le secr\u00e9tariat et commande de judogi<\/u><\/strong>\n<ul class=\"wp-block-list\">\n<li>Il sera <strong>effectu\u00e9<\/strong> <strong>dans le dojo<\/strong>.<\/li>\n\n\n\n<li>Les parents\/repr\u00e9sentants l\u00e9gaux ne peuvent se pr\u00e9senter <strong>qu\u2019un seul \u00e0 la fois<\/strong> devant le bureau.<\/li>\n\n\n\n<li>NB\u00a0: Nous vous demandons de privil\u00e9gier les e-mails afin de r\u00e9duire le nombre de personnes dans le dojo.<\/li>\n<\/ul>\n<\/li>\n<\/ul>\n\n\n\n<p><strong><u>En d\u00e9but de saison<\/u><\/strong>, il vous sera demand\u00e9 de&nbsp;:<\/p>\n\n\n\n<ul class=\"wp-block-list\">\n<li><strong>Pour les nouveaux inscrits<\/strong>\u00a0: Signer le RGPD du club par les parents\/repr\u00e9sentants l\u00e9gaux <\/li>\n\n\n\n<li><strong>Pour tous et toutes<\/strong>\u00a0: l\u2019attestation m\u00e9dicale sign\u00e9e comme demand\u00e9e les saisons pr\u00e9c\u00e9dentes n\u2019est plus obligatoire pour cette saison. N\u00e9anmoins nous vous conseillons de consulter votre m\u00e9decin pour vous assurer que votre enfant n\u2019ait aucune contre-indication \u00e0 la pratique sportive et plus particuli\u00e8rement le judo.<\/li>\n<\/ul>\n\n\n\n<p>Enfin, n\u2019h\u00e9sitez pas \u00e0 consulter notre site web, r\u00e9guli\u00e8rement mis \u00e0 jour, sur lequel nous mettons toutes les informations (fermeture, comp\u00e9titions, stages, activit\u00e9s sp\u00e9cifiques, \u2026), un agenda des activit\u00e9s y est \u00e9galement disponible.<\/p>\n\n\n\n<p>Au plaisir de vous (re)voir.<\/p>\n\n\n\n<p>Le Conseil d\u2019Administration<\/p>\n","protected":false},"excerpt":{"rendered":"<p>Nous esp\u00e9rons que vous avez pass\u00e9 un bon \u00e9t\u00e9. Voici quelques informations importantes pour la saison 2024-2025. Nous reprenons nos activit\u00e9s \u00e0 partir du 26 ao\u00fbt selon les horaires accessibles [&hellip;]<\/p>\n","protected":false},"author":2,"featured_media":0,"comment_status":"closed","ping_status":"closed","sticky":false,"template":"","format":"standard","meta":{"ngg_post_thumbnail":0,"footnotes":""},"categories":[1],"tags":[],"class_list":["post-10587","post","type-post","status-publish","format-standard","hentry","category-non-classe"],"_links":{"self":[{"href":"https:\/\/judoposeidon.be\/wordpress\/wp-json\/wp\/v2\/posts\/10587","targetHints":{"allow":["GET"]}}],"collection":[{"href":"https:\/\/judoposeidon.be\/wordpress\/wp-json\/wp\/v2\/posts"}],"about":[{"href":"https:\/\/judoposeidon.be\/wordpress\/wp-json\/wp\/v2\/types\/post"}],"author":[{"embeddable":true,"href":"https:\/\/judoposeidon.be\/wordpress\/wp-json\/wp\/v2\/users\/2"}],"replies":[{"embeddable":true,"href":"https:\/\/judoposeidon.be\/wordpress\/wp-json\/wp\/v2\/comments?post=10587"}],"version-history":[{"count":1,"href":"https:\/\/judoposeidon.be\/wordpress\/wp-json\/wp\/v2\/posts\/10587\/revisions"}],"predecessor-version":[{"id":10588,"href":"https:\/\/judoposeidon.be\/wordpress\/wp-json\/wp\/v2\/posts\/10587\/revisions\/10588"}],"wp:attachment":[{"href":"https:\/\/judoposeidon.be\/wordpress\/wp-json\/wp\/v2\/media?parent=10587"}],"wp:term":[{"taxonomy":"category","embeddable":true,"href":"https:\/\/judoposeidon.be\/wordpress\/wp-json\/wp\/v2\/categories?post=10587"},{"taxonomy":"post_tag","embeddable":true,"href":"https:\/\/judoposeidon.be\/wordpress\/wp-json\/wp\/v2\/tags?post=10587"}],"curies":[{"name":"wp","href":"https:\/\/api.w.org\/{rel}","templated":true}]}}